{"id":157,"date":"2023-01-16T16:29:44","date_gmt":"2023-01-16T15:29:44","guid":{"rendered":"http:\/\/www2.nachbarschaftsbrot.org\/berlin\/?p=157"},"modified":"2023-10-28T18:59:16","modified_gmt":"2023-10-28T16:59:16","slug":"mit-brot-gehts-los","status":"publish","type":"post","link":"http:\/\/www2.nachbarschaftsbrot.org\/berlin\/mit-brot-gehts-los\/","title":{"rendered":"Mit Brot geht&#8217;s los"},"content":{"rendered":"<figure class=\"wp-block-post-featured-image\"><img loading=\"lazy\" decoding=\"async\" width=\"560\" height=\"413\" src=\"http:\/\/www2.nachbarschaftsbrot.org\/berlin\/wp-content\/uploads\/2023\/10\/Mit_Brot_gehts_los_560_q85.jpg\" class=\"attachment-post-thumbnail size-post-thumbnail wp-post-image\" alt=\"\" style=\"object-fit:cover;\" srcset=\"http:\/\/www2.nachbarschaftsbrot.org\/berlin\/wp-content\/uploads\/2023\/10\/Mit_Brot_gehts_los_560_q85.jpg 560w, http:\/\/www2.nachbarschaftsbrot.org\/berlin\/wp-content\/uploads\/2023\/10\/Mit_Brot_gehts_los_560_q85-300x221.jpg 300w\" sizes=\"auto, (max-width: 560px) 100vw, 560px\" \/><\/figure>\n\n\n<p>Gleich zum Neujahrsauftakt wurde das Motto vom Initiativtreffen aufgegriffen und in die Tat umgesetzt. Auf Einladung von Karsten fand das erste Arbeitstreffen in Form eines Backevents am 09.01.2023 statt. Brotaufstriche und Getr\u00e4nke wurden mitgebracht, und w\u00e4hrend die Brotteige gingen entwickelten sich weitere Ideen und Ans\u00e4tze f\u00fcr das Projekt Nachbarschaftsbrot. Inzwischen funktioniert die Website einwandfrei und wir planen erste Vernetzungen.<\/p>\n\n\n\n<p>Wir hoffen auf ein baldiges Treffen mit dem Bezirksamt Tempelhof-Sch\u00f6neberg, um den Ort f\u00fcr das Projekt Nachbarschaftsbrot zu sichern, damit das Projekt in die n\u00e4chste Phase starten kann.<\/p>\n","protected":false},"excerpt":{"rendered":"<p>Gleich zum Neujahrsauftakt wurde das Motto vom Initiativtreffen aufgegriffen und in die Tat umgesetzt. Auf Einladung von Karsten fand das erste Arbeitstreffen in Form eines Backevents am 09.01.2023 statt. <\/p>\n","protected":false},"author":1,"featured_media":158,"comment_status":"closed","ping_status":"closed","sticky":false,"template":"","format":"standard","meta":{"_uag_custom_page_level_css":"","footnotes":""},"categories":[3],"tags":[],"class_list":["post-157","post","type-post","status-publish","format-standard","hentry","category-aktivitaeten"],"uagb_featured_image_src":{"full":["http:\/\/www2.nachbarschaftsbrot.org\/berlin\/wp-content\/uploads\/2023\/10\/Mit_Brot_gehts_los_560_q85.jpg",560,413,false],"thumbnail":["http:\/\/www2.nachbarschaftsbrot.org\/berlin\/wp-content\/uploads\/2023\/10\/Mit_Brot_gehts_los_560_q85-150x150.jpg",150,150,true],"medium":["http:\/\/www2.nachbarschaftsbrot.org\/berlin\/wp-content\/uploads\/2023\/10\/Mit_Brot_gehts_los_560_q85-300x221.jpg",300,221,true],"medium_large":["http:\/\/www2.nachbarschaftsbrot.org\/berlin\/wp-content\/uploads\/2023\/10\/Mit_Brot_gehts_los_560_q85.jpg",560,413,false],"large":["http:\/\/www2.nachbarschaftsbrot.org\/berlin\/wp-content\/uploads\/2023\/10\/Mit_Brot_gehts_los_560_q85.jpg",560,413,false],"1536x1536":["http:\/\/www2.nachbarschaftsbrot.org\/berlin\/wp-content\/uploads\/2023\/10\/Mit_Brot_gehts_los_560_q85.jpg",560,413,false],"2048x2048":["http:\/\/www2.nachbarschaftsbrot.org\/berlin\/wp-content\/uploads\/2023\/10\/Mit_Brot_gehts_los_560_q85.jpg",560,413,false]},"uagb_author_info":{"display_name":"Karsten","author_link":"http:\/\/www2.nachbarschaftsbrot.org\/berlin\/author\/karsten\/"},"uagb_comment_info":0,"uagb_excerpt":"Gleich zum Neujahrsauftakt wurde das Motto vom Initiativtreffen aufgegriffen und in die Tat umgesetzt. Auf Einladung von Karsten fand das erste Arbeitstreffen in Form eines Backevents am 09.01.2023 statt.","_links":{"self":[{"href":"http:\/\/www2.nachbarschaftsbrot.org\/berlin\/wp-json\/wp\/v2\/posts\/157","targetHints":{"allow":["GET"]}}],"collection":[{"href":"http:\/\/www2.nachbarschaftsbrot.org\/berlin\/wp-json\/wp\/v2\/posts"}],"about":[{"href":"http:\/\/www2.nachbarschaftsbrot.org\/berlin\/wp-json\/wp\/v2\/types\/post"}],"author":[{"embeddable":true,"href":"http:\/\/www2.nachbarschaftsbrot.org\/berlin\/wp-json\/wp\/v2\/users\/1"}],"replies":[{"embeddable":true,"href":"http:\/\/www2.nachbarschaftsbrot.org\/berlin\/wp-json\/wp\/v2\/comments?post=157"}],"version-history":[{"count":2,"href":"http:\/\/www2.nachbarschaftsbrot.org\/berlin\/wp-json\/wp\/v2\/posts\/157\/revisions"}],"predecessor-version":[{"id":163,"href":"http:\/\/www2.nachbarschaftsbrot.org\/berlin\/wp-json\/wp\/v2\/posts\/157\/revisions\/163"}],"wp:featuredmedia":[{"embeddable":true,"href":"http:\/\/www2.nachbarschaftsbrot.org\/berlin\/wp-json\/wp\/v2\/media\/158"}],"wp:attachment":[{"href":"http:\/\/www2.nachbarschaftsbrot.org\/berlin\/wp-json\/wp\/v2\/media?parent=157"}],"wp:term":[{"taxonomy":"category","embeddable":true,"href":"http:\/\/www2.nachbarschaftsbrot.org\/berlin\/wp-json\/wp\/v2\/categories?post=157"},{"taxonomy":"post_tag","embeddable":true,"href":"http:\/\/www2.nachbarschaftsbrot.org\/berlin\/wp-json\/wp\/v2\/tags?post=157"}],"curies":[{"name":"wp","href":"https:\/\/api.w.org\/{rel}","templated":true}]}}